{"id":1105,"__str__":"Autoria: Vereador M\u00e1rio C\u00e9sar (Bode) - Mo\u00e7\u00e3o n\u00ba 1 de 2022","link_detail_backend":"/materia/autoria/1105","metadata":{},"primeiro_autor":true,"autor":59,"materia":1152}