{"id":68,"__str__":"Autoria: Vereador Jo\u00e3o Carlos Jahn - Projeto de Emenda \u00e0 Lei Org\u00e2nica n\u00ba 6 de 2019","link_detail_backend":"/materia/autoria/68","metadata":{},"primeiro_autor":true,"autor":5,"materia":61}