{"id":858,"__str__":"Autoria: Vereador M\u00e1rio C\u00e9sar (Bode) - Mo\u00e7\u00e3o n\u00ba 6 de 2021","link_detail_backend":"/materia/autoria/858","metadata":{},"primeiro_autor":true,"autor":59,"materia":892}