{"id":1261,"__str__":"Anexos - Of\u00edcio Jos\u00e9 de 23/06/2023 por ","link_detail_backend":"/materia/documentoacessorio/1261","metadata":{},"nome":"Of\u00edcio Jos\u00e9","data":"2023-06-23","autor":"","ementa":"","indexacao":"","arquivo":"http://sapl.barao.rs.leg.br/media/sapl/public/documentoacessorio/2023/1261/oficio_flach.pdf","data_ultima_atualizacao":"2023-07-17T14:36:51.903516-03:00","materia":1310,"tipo":6}