{"id":898,"__str__":"Parecer Jur\u00eddico - Manifesta\u00e7\u00e3o do Jur\u00eddico de 20/05/2022 por ","link_detail_backend":"/materia/documentoacessorio/898","metadata":{},"nome":"Manifesta\u00e7\u00e3o do Jur\u00eddico","data":"2022-05-20","autor":"","ementa":"","indexacao":"","arquivo":"http://sapl.barao.rs.leg.br/media/sapl/public/documentoacessorio/2022/898/manifestacao_do_juridico.pdf","data_ultima_atualizacao":"2022-05-25T14:41:42.884597-03:00","materia":1047,"tipo":11}