{"id":1262,"__str__":"Projeto de Lei do Legislativo n\u00ba 5 de 2023","link_detail_backend":"/materia/1262","metadata":{},"numero":5,"ano":2023,"numero_protocolo":44,"data_apresentacao":"2023-04-24","tipo_apresentacao":"","data_publicacao":null,"numero_origem_externa":"","ano_origem_externa":null,"data_origem_externa":null,"apelido":"","dias_prazo":null,"data_fim_prazo":null,"em_tramitacao":true,"polemica":false,"objeto":"","complementar":false,"ementa":"Institui o Maio Furta-cor, devendo o Poder P\u00fablico implementar \u00e0s A\u00e7\u00f5es de Conscientiza\u00e7\u00e3o, Incentivo ao Cuidado e Promo\u00e7\u00e3o da Sa\u00fade Mental Materna no Calend\u00e1rio de Datas Comemorativas e de Conscientiza\u00e7\u00e3o do Munic\u00edpio de Bar\u00e3o, durante o m\u00eas de Maio, anualmente.","indexacao":"","observacao":"","resultado":"","texto_original":"http://sapl.barao.rs.leg.br/media/sapl/public/materialegislativa/2023/1262/pl_leg_05_-_furta_cor.pdf","data_ultima_atualizacao":"2023-05-11T16:19:13.761695-03:00","ip":"177.128.75.252","ultima_edicao":"2023-05-11T16:17:43.381219-03:00","tipo":11,"regime_tramitacao":1,"tipo_origem_externa":null,"local_origem_externa":null,"user":2,"anexadas":[],"autores":[58]}