{"id":61,"__str__":"Projeto de Emenda \u00e0 Lei Org\u00e2nica n\u00ba 6 de 2019","link_detail_backend":"/materia/61","metadata":{},"numero":6,"ano":2019,"numero_protocolo":33,"data_apresentacao":"2019-08-27","tipo_apresentacao":"","data_publicacao":null,"numero_origem_externa":"","ano_origem_externa":null,"data_origem_externa":null,"apelido":"","dias_prazo":null,"data_fim_prazo":null,"em_tramitacao":false,"polemica":null,"objeto":"","complementar":null,"ementa":"Inclui art 115-A na Lei Org\u00e2nica do Munic\u00edpio de Bar\u00e3o, dispondo sobre a execu\u00e7\u00e3o or\u00e7ament\u00e1ria e financeira da programa\u00e7\u00e3o inclu\u00edda por emendas individuais do legislativo Municipal em Lei Or\u00e7ament\u00e1ria Anual.","indexacao":"","observacao":"","resultado":"","texto_original":"http://sapl.barao.rs.leg.br/media/sapl/public/materialegislativa/2019/61/projeto_emenda_lei_organica_06.pdf","data_ultima_atualizacao":"2019-10-02T09:54:19.357906-03:00","ip":"200.18.121.168","ultima_edicao":null,"tipo":1,"regime_tramitacao":1,"tipo_origem_externa":null,"local_origem_externa":null,"user":2,"anexadas":[],"autores":[5,7,8,9]}